{"id":1506,"date":"2011-10-27T12:33:04","date_gmt":"2011-10-27T10:33:04","guid":{"rendered":"http:\/\/www.hdlu.hr\/eng\/?p=1506"},"modified":"2011-10-31T16:29:29","modified_gmt":"2011-10-31T14:29:29","slug":"first-croatian-biennale-of-painting","status":"publish","type":"post","link":"https:\/\/www.hdlu.hr\/eng\/2011\/10\/first-croatian-biennale-of-painting\/","title":{"rendered":"HDLU \/ 1st Biennale of Painting"},"content":{"rendered":"<p class=\"p1\" style=\"text-align: right;\"><a href=\"http:\/\/www.hdlu.hr\/2011\/10\/27\/prvo-hrvatsko-bijenale-slikarstva\/\">HR<\/a><\/p>\n<p class=\"p1\" style=\"text-align: justify;\"><a href=\"http:\/\/www.hdlu.hr\/eng\/wp-content\/uploads\/2011\/10\/pozivnica.jpg\"><img loading=\"lazy\" class=\"alignleft size-medium wp-image-1511\" style=\"margin-right: 7px;\" title=\"pozivnica\" src=\"http:\/\/www.hdlu.hr\/eng\/wp-content\/uploads\/2011\/10\/pozivnica-300x211.jpg\" alt=\"\" width=\"300\" height=\"211\" srcset=\"https:\/\/www.hdlu.hr\/eng\/wp-content\/uploads\/2011\/10\/pozivnica-300x211.jpg 300w, https:\/\/www.hdlu.hr\/eng\/wp-content\/uploads\/2011\/10\/pozivnica.jpg 1257w\" sizes=\"(max-width: 300px) 100vw, 300px\" \/><\/a>We are cordially inviting you to the opening of the first Croatian Biennale of Painting which will take place from the 3rd of November to the 3rd of December 2011 at the Home of Croatian Visual Artists.\u00a0<strong>The opening of the exhibition will be on Thursday the 3rd of November at 8pm.<\/strong><\/p>\n<p class=\"p2\" style=\"text-align: justify;\">\n<p class=\"p1\" style=\"text-align: justify;\">Croatian Association of Artists is a professional guild organization of visual artists in Croatia, which has decided to establish the first Croatian Biennale of Painting. We aim to evaluate Croatian painting scene as well position it within a\u00a0European and global context. Namely, in Croatia we have witnessed an exceptional revival of painting, during last years as much as through the activities of middle generation of painters, as well through emersion of the youngest. At the Biennale, we will present the most interesting occurrences on the Croatian painting scene and give a framework for its theoretical reflection and reevaluation. Apart from presenting what is new in Croatian painting today each new instance of the Biennale will present relevant tendencies in painting in particular cities, regions and countries. This year we have invited a reputable British curator with a Berlin address, Mark Gisbourne, in order to select and present to the Croatian public what he considers most interesting in what is momentarily the freshest painting scene in the world. As a result of his selection in the Barrel Gallery, and as part of the Biennale of Painting, we will present eighteen of the most prominent Berlin based painters in an exhibition titled &#8220;I am a Berliner&#8221;.<\/p>\n<p class=\"p2\" style=\"text-align: justify;\">\n<p class=\"p1\" style=\"text-align: justify;\"><strong>Selected artists: <\/strong>Damir Babi\u0107, Jagor Bu\u010dan, \u017deljka Cupek, Sebastijan Dra\u010di\u0107, Fedor Fisher, Danko Fri\u0161\u010di\u0107, Martina Grli\u0107, Paulina Jazvi\u0107, Ivona Juri\u0107, Koraljka Kova\u010d, Mirna Kutle\u0161a, Lovro Lapuh, Ivan Latin, Gordana Me\u0161trovi\u0107, Davor Mezak, Zdravko Mili\u0107, Pavle Pavlovi\u0107, Tanja Ravli\u0107 \u010celi\u0107, David M. Shrem, Krunislav Stojanovski, Domagoj Su\u0161ac, Josip Tiri\u0107, Vanja Trobi\u0107, Ivan Tudek, Zlatan Vehabovi\u0107, Anabel Zanze, Marko Zeman, Dino Zrnec<\/p>\n<p class=\"p2\" style=\"text-align: justify;\">\n<p class=\"p1\" style=\"text-align: justify;\"><strong>Invited artists: <\/strong>Lovro Artukovi\u0107, Gordana Baki\u0107, Boris Bu\u010dan, Duje Juri\u0107, Zlatko Keser, \u017deljko Kipke, Davor Krelja, \u017deljko Lapuh, Ivica Mal\u010di\u0107, Zoltan Novak, Igor Ron\u010devi\u0107, \u0110uro Seder, Bojan \u0160umonja, Matko Veki\u0107, Zlatan Vrkljan<\/p>\n<p class=\"p2\" style=\"text-align: justify;\">\n<p class=\"p1\" style=\"text-align: justify;\"><strong>Mark Gisbourne&#8217;s selection: <\/strong>Martin Assig, Daniel Biesold, Norbert Bisky, Martin Borowski, Axel Geis, Valerie Favre, Katharina Grosse, Harald Hermann, Gregor Hildebrandt, Christian Hoischen, Michelle Jezierski, Ruprecht von Kaufmann, Clemens Krauss, Robert Lucander, Gerold Miller, Frank Nitsche, Peter Stauss, Miriam Vlaming<\/p>\n<p class=\"p1\" style=\"text-align: justify;\">&#8212;<\/p>\n<p class=\"p1\" style=\"text-align: justify;\">The exhibition is kindly supported by the Croatian Ministry of Culture and the Goethe Institute in Zagreb.<\/p>\n","protected":false},"excerpt":{"rendered":"<p class=\"p1\" style=\"text-align: right;\">HR<\/p>\n<p class=\"p1\" style=\"text-align: justify;\"><img loading=\"lazy\" class=\"alignleft size-medium wp-image-1511\" style=\"margin-right: 7px;\" title=\"pozivnica\" src=\"http:\/\/www.hdlu.hr\/eng\/wp-content\/uploads\/2011\/10\/pozivnica-300x211.jpg\" alt=\"\" width=\"300\" height=\"211\" srcset=\"https:\/\/www.hdlu.hr\/eng\/wp-content\/uploads\/2011\/10\/pozivnica-300x211.jpg 300w, https:\/\/www.hdlu.hr\/eng\/wp-content\/uploads\/2011\/10\/pozivnica.jpg 1257w\" sizes=\"(max-width: 300px) 100vw, 300px\" \/>We are cordially inviting you to the opening of the first Croatian Biennale of Painting which will take place from the 3rd of November to the 3rd of December 2011 at the Home of Croatian Visual Artists.\u00a0The opening of the exhibition will be on Thursday the 3rd of  <a href=\"https:\/\/www.hdlu.hr\/eng\/2011\/10\/first-croatian-biennale-of-painting\/\">[&#8230;]<\/a><\/p>\n","protected":false},"author":176,"featured_media":0,"comment_status":"closed","ping_status":"closed","sticky":false,"template":"","format":"standard","meta":[],"categories":[3,1,5,6],"tags":[92,90,42,91],"_links":{"self":[{"href":"https:\/\/www.hdlu.hr\/eng\/wp-json\/wp\/v2\/posts\/1506"}],"collection":[{"href":"https:\/\/www.hdlu.hr\/eng\/wp-json\/wp\/v2\/posts"}],"about":[{"href":"https:\/\/www.hdlu.hr\/eng\/wp-json\/wp\/v2\/types\/post"}],"author":[{"embeddable":true,"href":"https:\/\/www.hdlu.hr\/eng\/wp-json\/wp\/v2\/users\/176"}],"replies":[{"embeddable":true,"href":"https:\/\/www.hdlu.hr\/eng\/wp-json\/wp\/v2\/comments?post=1506"}],"version-history":[{"count":0,"href":"https:\/\/www.hdlu.hr\/eng\/wp-json\/wp\/v2\/posts\/1506\/revisions"}],"wp:attachment":[{"href":"https:\/\/www.hdlu.hr\/eng\/wp-json\/wp\/v2\/media?parent=1506"}],"wp:term":[{"taxonomy":"category","embeddable":true,"href":"https:\/\/www.hdlu.hr\/eng\/wp-json\/wp\/v2\/categories?post=1506"},{"taxonomy":"post_tag","embeddable":true,"href":"https:\/\/www.hdlu.hr\/eng\/wp-json\/wp\/v2\/tags?post=1506"}],"curies":[{"name":"wp","href":"https:\/\/api.w.org\/{rel}","templated":true}]}}