{"id":1946,"date":"2013-07-02T14:50:53","date_gmt":"2013-07-02T14:50:53","guid":{"rendered":"http:\/\/www.hdlu.hr\/eng\/?p=1946"},"modified":"2013-07-02T14:51:34","modified_gmt":"2013-07-02T14:51:34","slug":"exhibition-myth-and-art","status":"publish","type":"post","link":"https:\/\/www.hdlu.hr\/eng\/2013\/07\/exhibition-myth-and-art\/","title":{"rendered":"Exhibition: Myth and Art"},"content":{"rendered":"<p><a href=\"http:\/\/www.hdlu.hr\/eng\/wp-content\/uploads\/2013\/07\/1001132_521394597926711_939560234_n.jpg\"><img loading=\"lazy\" class=\"alignleft size-thumbnail wp-image-1947\" alt=\"Ivan Fijolic - Banana\" src=\"http:\/\/www.hdlu.hr\/eng\/wp-content\/uploads\/2013\/07\/1001132_521394597926711_939560234_n-100x100.jpg\" width=\"100\" height=\"100\" srcset=\"https:\/\/www.hdlu.hr\/eng\/wp-content\/uploads\/2013\/07\/1001132_521394597926711_939560234_n-100x100.jpg 100w, https:\/\/www.hdlu.hr\/eng\/wp-content\/uploads\/2013\/07\/1001132_521394597926711_939560234_n-200x200.jpg 200w, https:\/\/www.hdlu.hr\/eng\/wp-content\/uploads\/2013\/07\/1001132_521394597926711_939560234_n.jpg 576w\" sizes=\"(max-width: 100px) 100vw, 100px\" \/><\/a><strong>Gallery Meno parkas<\/strong><br \/>\nRotu\u0161\u0117s a. 27<br \/>\nKaunas<br \/>\nLithuania<br \/>\n<strong>5.7. &#8211; 31.7.2013.<\/strong><br \/>\n<strong>Myth and Art<\/strong><br \/>\n<strong>Exhibiting:<\/strong><\/p>\n<p><strong>Julija Poci\u016bt\u0117 (LT)<\/strong><br \/>\n<strong>Povilas Ramanauskas (LT)<\/strong><br \/>\n<strong>Gabriel\u0117 Tamoli\u016bnait\u0117 (LT)<\/strong><br \/>\n<strong>Taj\u010di \u010cekada (HR)<\/strong><br \/>\n<strong>Ivan Fijoli\u0107 (HR)<\/strong><br \/>\n<strong>Ksenija Kordi\u0107 (HR)<\/strong><\/p>\n<p>The Myth and Art exhibition is a result of collaboration between Croatian Association of Artists, Zagreb and Gallery Meno parkas, Kaunas. This is a joint exhibition of Lithuanian and Croatian artists that deal with the relation between myth and art in their unique approach.<br \/>\nFirs exhibition will be held in Gallery Meno parkas in Kaunas July 5 &#8211; July 31 2013 and the second exhibition will be realized in Barrel Gallery\u00a0 September 2 &#8211; September 14 2013 in the Home of Croatian Artists.<br \/>\nExhibition Myth and art is kindly supported by the Ministry of Culture of the Republic of Croatia, City Office for Education, Culture and Sport Zagreb, Lithuanian Culture Support Foundation and Kaunas City Municipality.<\/p>\n<p>Joint catalog with the texts of <strong>Giedr\u0117 Legotait\u0117, Gintautas Ma\u017eeikis, Suzana Marjani\u0107<\/strong> and <strong>Josip Zanki<\/strong> will be presented at the opening of the exhibition in Kaunas.<\/p>\n<p>&#8220;Myth and Art&#8221; is a part of gallery &#8220;Meno parkas&#8221; project &#8220;The Young. Green Consciousness&#8221;.<\/p>\n","protected":false},"excerpt":{"rendered":"<p><img loading=\"lazy\" class=\"alignleft size-thumbnail wp-image-1947\" alt=\"Ivan Fijolic - Banana\" src=\"http:\/\/www.hdlu.hr\/eng\/wp-content\/uploads\/2013\/07\/1001132_521394597926711_939560234_n-100x100.jpg\" width=\"100\" height=\"100\" srcset=\"https:\/\/www.hdlu.hr\/eng\/wp-content\/uploads\/2013\/07\/1001132_521394597926711_939560234_n-100x100.jpg 100w, https:\/\/www.hdlu.hr\/eng\/wp-content\/uploads\/2013\/07\/1001132_521394597926711_939560234_n-200x200.jpg 200w, https:\/\/www.hdlu.hr\/eng\/wp-content\/uploads\/2013\/07\/1001132_521394597926711_939560234_n.jpg 576w\" sizes=\"(max-width: 100px) 100vw, 100px\" \/>Gallery Meno parkas<br \/> Rotu\u0161\u0117s a. 27<br \/> Kaunas<br \/> Lithuania<br \/> 5.7. &#8211; 31.7.2013.<br \/> Myth and Art<br \/> Exhibiting:<\/p>\n<p>Julija Poci\u016bt\u0117 (LT)<br \/> Povilas Ramanauskas (LT)<br \/> Gabriel\u0117 Tamoli\u016bnait\u0117 (LT)<br \/> Taj\u010di \u010cekada (HR)<br \/> Ivan Fijoli\u0107 (HR)<br \/> Ksenija Kordi\u0107 (HR)<\/p>\n<p>The Myth and Art exhibition is a result of  <a href=\"https:\/\/www.hdlu.hr\/eng\/2013\/07\/exhibition-myth-and-art\/\">[&#8230;]<\/a><\/p>\n","protected":false},"author":8,"featured_media":0,"comment_status":"closed","ping_status":"closed","sticky":false,"template":"","format":"standard","meta":[],"categories":[7,1,9,11],"tags":[],"_links":{"self":[{"href":"https:\/\/www.hdlu.hr\/eng\/wp-json\/wp\/v2\/posts\/1946"}],"collection":[{"href":"https:\/\/www.hdlu.hr\/eng\/wp-json\/wp\/v2\/posts"}],"about":[{"href":"https:\/\/www.hdlu.hr\/eng\/wp-json\/wp\/v2\/types\/post"}],"author":[{"embeddable":true,"href":"https:\/\/www.hdlu.hr\/eng\/wp-json\/wp\/v2\/users\/8"}],"replies":[{"embeddable":true,"href":"https:\/\/www.hdlu.hr\/eng\/wp-json\/wp\/v2\/comments?post=1946"}],"version-history":[{"count":0,"href":"https:\/\/www.hdlu.hr\/eng\/wp-json\/wp\/v2\/posts\/1946\/revisions"}],"wp:attachment":[{"href":"https:\/\/www.hdlu.hr\/eng\/wp-json\/wp\/v2\/media?parent=1946"}],"wp:term":[{"taxonomy":"category","embeddable":true,"href":"https:\/\/www.hdlu.hr\/eng\/wp-json\/wp\/v2\/categories?post=1946"},{"taxonomy":"post_tag","embeddable":true,"href":"https:\/\/www.hdlu.hr\/eng\/wp-json\/wp\/v2\/tags?post=1946"}],"curies":[{"name":"wp","href":"https:\/\/api.w.org\/{rel}","templated":true}]}}