{"id":1970,"date":"2013-08-26T19:31:24","date_gmt":"2013-08-26T19:31:24","guid":{"rendered":"http:\/\/www.hdlu.hr\/eng\/?p=1970"},"modified":"2013-08-27T17:12:55","modified_gmt":"2013-08-27T17:12:55","slug":"myth-and-art-mitas-ir-menas-mit-i-art","status":"publish","type":"post","link":"https:\/\/www.hdlu.hr\/eng\/2013\/08\/myth-and-art-mitas-ir-menas-mit-i-art\/","title":{"rendered":"Myth and Art \/ Mitas ir menas \/ Mit i Art"},"content":{"rendered":"<p><a href=\"http:\/\/www.hdlu.hr\/eng\/wp-content\/uploads\/2013\/08\/visuweb.jpg\"><img loading=\"lazy\" class=\"alignleft size-thumbnail wp-image-1971\" alt=\"Meno parkas Kaunas\" src=\"http:\/\/www.hdlu.hr\/eng\/wp-content\/uploads\/2013\/08\/visuweb-100x100.jpg\" width=\"100\" height=\"100\" \/><\/a><strong>Myth and Art \/ Mitas ir menas \/ Mit i Art<\/strong><br \/>\n2.9. \u2013 14.9.2013.<\/p>\n<p>Opening of the exhibition on <strong>September 2nd at 7 pm.<\/strong><\/p>\n<p><a href=\"http:\/\/www.hdlu.hr\/2013\/08\/izlozba-mit-i-art-mitas-ir-menas-myth-and-art\/\">CRO<\/a><\/p>\n<p><strong>Barrel Gallery<\/strong><br \/>\nTrg \u017ertava fa\u0161izma 16<br \/>\n10000 Zagreb<\/p>\n<p><strong>Opening hours:<\/strong><br \/>\nWednesday\u00a0 &#8211; Friday 11 am \u2013 7 pm<br \/>\nSaturday and Sunday 10 am \u2013 6 pm<br \/>\nClosed on Mondays, Tuesdays and holidays.<\/p>\n<p><strong>Curators:<\/strong> Giedre Legotaite and Suzana Marjani\u0107<\/p>\n<p><strong>Exhibiting:<\/strong><br \/>\nJulija Poci\u016bt\u0117<br \/>\nPovilas Ramanauskas<br \/>\nGabriel\u0117 Tamoli\u016bnait\u0117<br \/>\nTaj\u010di \u010cekada<br \/>\nIvan Fijoli\u0107<br \/>\nKsenija Kordi\u0107<\/p>\n<p>The exhibition <strong>Myth and Ar<\/strong>t is a result of collaboration of the Meno parkas gallery from Kaunas and Croatian Association of Artists, Zagreb. The first exhibition took place in Gallery Meno parkas from 5th of July until the 31st of July 2013. It is a joint exhibition of three young Lithuanian and three young Croatian artists, trying to explore the relation between myth and art with their own unique artistic approach, investigating and explaining the importance of the terms art and myth.<br \/>\n<strong>Julija Poci\u016bt\u0117<\/strong> is exploring and analyzing importance of the myth through the eyes of a child.<strong> Povilas Ramanauskas<\/strong> is trying to explain the origin of the myth of everything through a dream while <strong>Gabriel\u0117 Tamoli\u016bnait\u0117<\/strong> is exploring the the history of the myth through stories about the devil.<br \/>\nPhoto performance of the young designer and artist<strong> Taj\u010di \u010cekada<\/strong>, Look into the inter world, is represented as an illustration of the archaic, sacred myth. The works of <strong>Ivan Fijoli\u0107<\/strong> illustrated the term of ideological myth and <strong>Ksenija Kordi\u0107&#8217;s<\/strong> works illustrated the term of the anarchic myth.<\/p>\n<p><strong>Myth and Art<\/strong> is the exhibition dedicated to the fascinating personality of <strong>Mikalojus Konstantinas \u010ciurlion<\/strong>is (1875-1911), a Lithuanian composer and painter, and his Croatian analogue, <strong>Natko Nodilo<\/strong> (1834-1912), historian, politician, publicist and mythologist. And while \u010ciurlionis tried to achieve interpenetration of painting and music within one artistic medium, in his scientific research Natko Nodilo achieved mutual complementarity of historiography and mythological researches.<\/p>\n<p>The realization of the exhibitions is made possible thanks to support of Lithuanian Culture Support Foundation, Ministry of Culture of the Republic of Lithuania, Kaunas City Municipality, The Ministry of Culture of the Republic of Croatia and City Office for Education, Culture and Sport Zagreb.<\/p>\n","protected":false},"excerpt":{"rendered":"<p><img loading=\"lazy\" class=\"alignleft size-thumbnail wp-image-1971\" alt=\"Meno parkas Kaunas\" src=\"http:\/\/www.hdlu.hr\/eng\/wp-content\/uploads\/2013\/08\/visuweb-100x100.jpg\" width=\"100\" height=\"100\" \/>Myth and Art \/ Mitas ir menas \/ Mit i Art<br \/> 2.9. \u2013 14.9.2013.<\/p>\n<p>Opening of the exhibition on September 2nd at 7 pm.<\/p>\n<p>CRO<\/p>\n<p>Barrel Gallery<br \/> Trg \u017ertava fa\u0161izma 16<br \/> 10000 Zagreb<\/p>\n<p>Opening hours:<br \/> Wednesday\u00a0 &#8211; Friday 11 am \u2013 7 pm<br \/> Saturday and Sunday 10 am \u2013 6 pm<br \/> Closed on Mondays, Tuesdays and holidays.<\/p>\n<p>Curators:  <a href=\"https:\/\/www.hdlu.hr\/eng\/2013\/08\/myth-and-art-mitas-ir-menas-mit-i-art\/\">[&#8230;]<\/a><\/p>\n","protected":false},"author":8,"featured_media":0,"comment_status":"closed","ping_status":"closed","sticky":false,"template":"","format":"standard","meta":[],"categories":[3,7,1,9,11],"tags":[365,42,177,178,176],"_links":{"self":[{"href":"https:\/\/www.hdlu.hr\/eng\/wp-json\/wp\/v2\/posts\/1970"}],"collection":[{"href":"https:\/\/www.hdlu.hr\/eng\/wp-json\/wp\/v2\/posts"}],"about":[{"href":"https:\/\/www.hdlu.hr\/eng\/wp-json\/wp\/v2\/types\/post"}],"author":[{"embeddable":true,"href":"https:\/\/www.hdlu.hr\/eng\/wp-json\/wp\/v2\/users\/8"}],"replies":[{"embeddable":true,"href":"https:\/\/www.hdlu.hr\/eng\/wp-json\/wp\/v2\/comments?post=1970"}],"version-history":[{"count":0,"href":"https:\/\/www.hdlu.hr\/eng\/wp-json\/wp\/v2\/posts\/1970\/revisions"}],"wp:attachment":[{"href":"https:\/\/www.hdlu.hr\/eng\/wp-json\/wp\/v2\/media?parent=1970"}],"wp:term":[{"taxonomy":"category","embeddable":true,"href":"https:\/\/www.hdlu.hr\/eng\/wp-json\/wp\/v2\/categories?post=1970"},{"taxonomy":"post_tag","embeddable":true,"href":"https:\/\/www.hdlu.hr\/eng\/wp-json\/wp\/v2\/tags?post=1970"}],"curies":[{"name":"wp","href":"https:\/\/api.w.org\/{rel}","templated":true}]}}