{"id":3623,"date":"2018-06-26T17:24:23","date_gmt":"2018-06-26T17:24:23","guid":{"rendered":"http:\/\/www.hdlu.hr\/eng\/?p=3623"},"modified":"2018-07-02T14:06:28","modified_gmt":"2018-07-02T14:06:28","slug":"3623","status":"publish","type":"post","link":"https:\/\/www.hdlu.hr\/eng\/2018\/06\/3623\/","title":{"rendered":"(In)Constancy of Space &#8211; Spaces of Narration and Imagination"},"content":{"rendered":"<p style=\"text-align: center;\"><strong>(In)Constancy of Space &#8211; Spaces of Narration and Imagination<\/strong><br \/>\n<strong>July \u00a05 \u2013 22, 2018<\/strong><br \/>\n<strong>Prsten Gallery<\/strong><\/p>\n<p style=\"text-align: center;\"><strong>Curators: Vanja Babi\u0107, Neva Luki\u0107<\/strong><br \/>\n<strong>Film Programme Selector: Ivan Pai\u0107<\/strong><\/p>\n<p><img loading=\"lazy\" class=\"size-full wp-image-3624 aligncenter\" src=\"http:\/\/www.hdlu.hr\/eng\/wp-content\/uploads\/2018\/06\/Plakat-B1-NOVO-01.jpg\" alt=\"\" width=\"775\" height=\"1102\" srcset=\"https:\/\/www.hdlu.hr\/eng\/wp-content\/uploads\/2018\/06\/Plakat-B1-NOVO-01.jpg 775w, https:\/\/www.hdlu.hr\/eng\/wp-content\/uploads\/2018\/06\/Plakat-B1-NOVO-01-141x200.jpg 141w, https:\/\/www.hdlu.hr\/eng\/wp-content\/uploads\/2018\/06\/Plakat-B1-NOVO-01-768x1092.jpg 768w, https:\/\/www.hdlu.hr\/eng\/wp-content\/uploads\/2018\/06\/Plakat-B1-NOVO-01-633x900.jpg 633w\" sizes=\"(max-width: 775px) 100vw, 775px\" \/><\/p>\n<p>&nbsp;<\/p>\n<p><strong>(In)Constancy of Space &#8211; Spaces of Narration and Imagination<\/strong> group international exhibition opens at the <strong>Prsten Gallery,<\/strong> Home of the Croatian Association of Artists on <strong>Thursday, 5 July 2018, at 20:00 h.<\/strong><br \/>\n<!--more--><br \/>\nThe exhibition (In)Constancy of Space: Spaces of Narration and Imagination problematizes descriptive, formal, symbolic, psychological and sociological aspects of the text in creating two-dimensional and three-dimensional spaces in the works of contemporary visual artists. Text and visual art are two ways of depicting space, both the physical and mental one, and the exhibition focuses on different possibilities of their interaction. Works in which the text generates formal and formative characteristics are brought into a visual and thematic dialogue with the ones in which the text is the primary bearer of content, i.e. narration. The curators used Josip Vani\u0161ta&#8217;s work from 1964 as a starting reference, in which the artist dematerialized the painting and its space, that is, he reduced it to a text written with a typewriter on a piece of paper as a kind of meta-instruction on how to execute the painting. Since the moment when Vani\u0161ta achieved \u201cthe most radical achievement of the 20th century Croatian art\u201c the mutual interactions of visual, spatial, textual and verbal-auditory aspects have continued to permeate the works of future generations of Croatian artists. Along with Croatian, the exhibition (In)Constancy of Space: Spaces of Narration and Imagination also features renowned contemporary Austrian artists, and it questions whether and to what extent \u2013 in the context of globalization, virtualization and migration processes \u2013 the lexical, i.e. linguistic basis still conditions the narrative and imaginative determinants of shaping, or better yet, describing specific spatial situations.<\/p>\n<p>The exhibition is accompanied by screenings of experimental films that in different ways correspond to its basic concept.<\/p>\n<p><strong>The exhibition features the following artists:<\/strong> Eva Beierheimer &amp; Miriam Laussegger, Antonio Grgi\u0107, Paulina Jazvi\u0107, Anto Jerkovi\u0107, \u017deljko Jerma, \u017deljko Kipke, Anatol Knotek, Brigitte Kowanz, Ivica Mal\u010di\u0107, Vlado Martek, Martina Miholi\u0107, Ana Mu\u0161\u0107et, Gloria Oreb, Roman Pfeffer, Damir Soki\u0107, Philipp Timischl, Ivan Tudek, Josip Vani\u0161ta, Hannes Zebedin, Anabel Zanze<\/p>\n<p><strong>The film programme features the works of the following artists:<\/strong> Gustav Deutsch, Ivan Faktor, Tomislav Gotovac a.k.a Antonio G. Lauer, \u017deljko Kipke, Ivan Ladislav Galeta, Helena Schultheis Edgeler, Mladen Stilinovi\u0107.<\/p>\n<p>&nbsp;<\/p>\n<p><img loading=\"lazy\" class=\"alignnone size-full wp-image-3625\" src=\"http:\/\/www.hdlu.hr\/eng\/wp-content\/uploads\/2018\/06\/3.-Svi-logi\u0107i-01.png\" alt=\"\" width=\"8387\" height=\"795\" srcset=\"https:\/\/www.hdlu.hr\/eng\/wp-content\/uploads\/2018\/06\/3.-Svi-logi\u0107i-01.png 8387w, https:\/\/www.hdlu.hr\/eng\/wp-content\/uploads\/2018\/06\/3.-Svi-logi\u0107i-01-200x19.png 200w, https:\/\/www.hdlu.hr\/eng\/wp-content\/uploads\/2018\/06\/3.-Svi-logi\u0107i-01-768x73.png 768w, https:\/\/www.hdlu.hr\/eng\/wp-content\/uploads\/2018\/06\/3.-Svi-logi\u0107i-01-900x85.png 900w\" sizes=\"(max-width: 8387px) 100vw, 8387px\" \/><\/p>\n<p>&nbsp;<\/p>\n<div data-block=\"true\" data-editor=\"7e7ki\" data-offset-key=\"6b543-0-0\">\n<div data-offset-key=\"6b543-0-0\"><strong>TICKETS:<\/strong><\/div>\n<div data-offset-key=\"6b543-0-0\">\n<div data-block=\"true\" data-editor=\"7e7ki\" data-offset-key=\"5bbbp-0-0\"><\/div>\n<div data-block=\"true\" data-editor=\"7e7ki\" data-offset-key=\"9jrpl-0-0\">\n<div class=\"_1mf _1mj\" data-offset-key=\"9jrpl-0-0\"><span data-offset-key=\"9jrpl-0-0\">20 kn citizens<\/span><\/div>\n<\/div>\n<div data-block=\"true\" data-editor=\"7e7ki\" data-offset-key=\"9mmho-0-0\">\n<div class=\"_1mf _1mj\" data-offset-key=\"9mmho-0-0\">10 kn students and retirees<\/div>\n<\/div>\n<div data-block=\"true\" data-editor=\"7e7ki\" data-offset-key=\"1k7q5-0-0\">\n<div class=\"_1mf _1mj\" data-offset-key=\"1k7q5-0-0\">10 kn groups (over 5 persons, fare per person)<\/div>\n<\/div>\n<div data-block=\"true\" data-editor=\"7e7ki\" data-offset-key=\"5uafa-0-0\">\n<div class=\"_1mf _1mj\" data-offset-key=\"5uafa-0-0\">10 kn for regular members of: ULUPUH, HDD, UHA, ORIS, HULU Split, HDLU Osijek, HDLU Rijeka, HDLU Dubrovnik, HDLU Istra, HDLU Vara\u017edin, upon presentation of valid documents.<\/div>\n<\/div>\n<div data-block=\"true\" data-editor=\"7e7ki\" data-offset-key=\"9sk10-0-0\">\n<div class=\"_1mf _1mj\" data-offset-key=\"9sk10-0-0\"><span data-offset-key=\"9sk10-0-0\">\u00a0<\/span><\/div>\n<\/div>\n<div data-block=\"true\" data-editor=\"7e7ki\" data-offset-key=\"fr6ko-0-0\">\n<div class=\"_1mf _1mj\" data-offset-key=\"fr6ko-0-0\"><span data-offset-key=\"fr6ko-0-0\">Free for regular members of Croatian Association of Artists, AICA, ICOM, Croatian Society of Art Historians and Croatian Journalists\u2019 Association, as well as the students of the Academy of Fine Arts and Art History at the Faculty of Humanities and Social Sciences, upon presentation of valid documents.<\/span><\/div>\n<\/div>\n<div data-block=\"true\" data-editor=\"7e7ki\" data-offset-key=\"469eg-0-0\">\n<div class=\"_1mf _1mj\" data-offset-key=\"469eg-0-0\"><span data-offset-key=\"469eg-0-0\">\u00a0<\/span><\/div>\n<\/div>\n<div data-block=\"true\" data-editor=\"7e7ki\" data-offset-key=\"94ell-0-0\">\n<div class=\"_1mf _1mj\" data-offset-key=\"94ell-0-0\"><span data-offset-key=\"94ell-0-0\">Tickets are sold at the Croatian Association of Artists box office, during the opening hours of the exhibition.<\/span><\/div>\n<\/div>\n<div data-block=\"true\" data-editor=\"7e7ki\" data-offset-key=\"epo5n-0-0\">\n<div class=\"_1mf _1mj\" data-offset-key=\"epo5n-0-0\"><span data-offset-key=\"epo5n-0-0\">\u00a0<\/span><\/div>\n<\/div>\n<div data-block=\"true\" data-editor=\"7e7ki\" data-offset-key=\"9ku98-0-0\">\n<div class=\"_1mf _1mj\" data-offset-key=\"9ku98-0-0\"><span data-offset-key=\"9ku98-0-0\">For further inquiries regarding the tickets, please contact hdlu@hdlu.hr.<\/span><\/div>\n<\/div>\n<p>&nbsp;<\/p>\n<\/div>\n<div data-offset-key=\"6b543-0-0\"><\/div>\n<div class=\"_1mf _1mj\" data-offset-key=\"6b543-0-0\"><strong><span data-offset-key=\"6b543-0-0\">WORKING HOURS:<\/span><\/strong><\/div>\n<\/div>\n<div data-block=\"true\" data-editor=\"7e7ki\" data-offset-key=\"8v1ju-0-0\">\n<div class=\"_1mf _1mj\" data-offset-key=\"8v1ju-0-0\">Wednesday to Friday: 11.00 AM \u2013 7.00 PM<\/div>\n<\/div>\n<div data-block=\"true\" data-editor=\"7e7ki\" data-offset-key=\"4iol4-0-0\">\n<div class=\"_1mf _1mj\" data-offset-key=\"4iol4-0-0\">Saturday and Sunday: 10.00 AM \u2013 18.00 PM<\/div>\n<\/div>\n<div data-block=\"true\" data-editor=\"7e7ki\" data-offset-key=\"b0ipa-0-0\">\n<div class=\"_1mf _1mj\" data-offset-key=\"b0ipa-0-0\">Closed on Mondays, Tuesdays and holidays (May, 31 and June, 22<\/div>\n<\/div>\n","protected":false},"excerpt":{"rendered":"<p style=\"text-align: center;\">(In)Constancy of Space &#8211; Spaces of Narration and Imagination<br \/> July \u00a05 \u2013 22, 2018<br \/> Prsten Gallery<\/p>\n<p style=\"text-align: center;\">Curators: Vanja Babi\u0107, Neva Luki\u0107<br \/> Film Programme Selector: Ivan Pai\u0107<\/p>\n<p><img loading=\"lazy\" class=\"size-full wp-image-3624 aligncenter\" src=\"http:\/\/www.hdlu.hr\/eng\/wp-content\/uploads\/2018\/06\/Plakat-B1-NOVO-01.jpg\" alt=\"\" width=\"775\" height=\"1102\" srcset=\"https:\/\/www.hdlu.hr\/eng\/wp-content\/uploads\/2018\/06\/Plakat-B1-NOVO-01.jpg 775w, https:\/\/www.hdlu.hr\/eng\/wp-content\/uploads\/2018\/06\/Plakat-B1-NOVO-01-141x200.jpg 141w, https:\/\/www.hdlu.hr\/eng\/wp-content\/uploads\/2018\/06\/Plakat-B1-NOVO-01-768x1092.jpg 768w, https:\/\/www.hdlu.hr\/eng\/wp-content\/uploads\/2018\/06\/Plakat-B1-NOVO-01-633x900.jpg 633w\" sizes=\"(max-width: 775px) 100vw, 775px\" \/><\/p>\n<p>&nbsp;<\/p>\n<p>(In)Constancy of Space &#8211; Spaces of Narration and Imagination group international exhibition opens at the Prsten Gallery, Home of  <a href=\"https:\/\/www.hdlu.hr\/eng\/2018\/06\/3623\/\">[&#8230;]<\/a><\/p>\n","protected":false},"author":8,"featured_media":0,"comment_status":"closed","ping_status":"closed","sticky":false,"template":"","format":"standard","meta":[],"categories":[1,9,6],"tags":[683,334,333],"_links":{"self":[{"href":"https:\/\/www.hdlu.hr\/eng\/wp-json\/wp\/v2\/posts\/3623"}],"collection":[{"href":"https:\/\/www.hdlu.hr\/eng\/wp-json\/wp\/v2\/posts"}],"about":[{"href":"https:\/\/www.hdlu.hr\/eng\/wp-json\/wp\/v2\/types\/post"}],"author":[{"embeddable":true,"href":"https:\/\/www.hdlu.hr\/eng\/wp-json\/wp\/v2\/users\/8"}],"replies":[{"embeddable":true,"href":"https:\/\/www.hdlu.hr\/eng\/wp-json\/wp\/v2\/comments?post=3623"}],"version-history":[{"count":0,"href":"https:\/\/www.hdlu.hr\/eng\/wp-json\/wp\/v2\/posts\/3623\/revisions"}],"wp:attachment":[{"href":"https:\/\/www.hdlu.hr\/eng\/wp-json\/wp\/v2\/media?parent=3623"}],"wp:term":[{"taxonomy":"category","embeddable":true,"href":"https:\/\/www.hdlu.hr\/eng\/wp-json\/wp\/v2\/categories?post=3623"},{"taxonomy":"post_tag","embeddable":true,"href":"https:\/\/www.hdlu.hr\/eng\/wp-json\/wp\/v2\/tags?post=3623"}],"curies":[{"name":"wp","href":"https:\/\/api.w.org\/{rel}","templated":true}]}}