{"id":4290,"date":"2021-05-04T15:33:40","date_gmt":"2021-05-04T15:33:40","guid":{"rendered":"https:\/\/www.hdlu.hr\/eng\/?p=4290"},"modified":"2021-05-07T07:54:51","modified_gmt":"2021-05-07T07:54:51","slug":"exhibition-murtic-100-an-exhibition-in-honor-of-the-100th-anniversary-of-the-birth-of-edo-murtic","status":"publish","type":"post","link":"https:\/\/www.hdlu.hr\/eng\/2021\/05\/exhibition-murtic-100-an-exhibition-in-honor-of-the-100th-anniversary-of-the-birth-of-edo-murtic\/","title":{"rendered":"Exhibition MURTI\u0106 100 &#8211; an exhibition in honor of the 100th anniversary of the birth of Edo Murti\u0107"},"content":{"rendered":"<p style=\"text-align: center;\"><strong>Exhibition MURTI\u0106 100 &#8211; an exhibition in honor of the 100th anniversary of the birth of Edo Murti\u0107<\/strong><\/p>\n<p style=\"text-align: center;\"><strong><em>The great Croatian and world renowned abstract painter<\/em><\/strong><\/p>\n<p style=\"text-align: center;\"><strong>Home of HDLU, May, 25.- July, 18, 2021.<\/strong><\/p>\n<p><img loading=\"lazy\" class=\"aligncenter size-full wp-image-31259\" src=\"https:\/\/www.hdlu.hr\/wp-content\/uploads\/2021\/05\/1978O.K.95X196CM.jpg\" alt=\"\" width=\"1500\" height=\"747\" \/><\/p>\n<p><strong>Me\u0161trovi\u0107 pavilion, the Home of HDLU<\/strong>, will soon open its doors for another exhibition that will once again surprise, delight, and inspire visitors with its opus. The great Croatian abstract painter <strong>Edo Murti\u0107<\/strong> will beautify spring and summer in Zagreb with a series of events organized in his honor.<\/p>\n<p><strong>Murti\u0107 100<\/strong> is a project that marks the <strong>100th anniversary of the birth of Edo Murti\u0107<\/strong>, the undisputed giant in Croatian modern art who left his mark not only in Croatia but also in the world. The exhibition opens on <strong>May 25 and by July 18<\/strong>, visitors will be able to view more than 100 amazing works of this modern painting icon. In addition to the work of the great Edo Murti\u0107, the project includes a number of other events &#8211; <strong>the international symposium Gesture and Freedom<\/strong>, which will be held in Zagreb and Rovinj in June 2021, the exhibition New Abstract Art in Lauba &#8211;<span class=\"fontstyle0\"> the House for People and Art <\/span>from June, 1 till June 10, 2021, and <strong>a series of accompanying events\u00a0 (reinterpretations of Murti\u0107 through street art<\/strong> at several locations in Zagreb, <strong>workshops<\/strong> for children and adults, <strong>guided tours<\/strong>, customized guided tours for children with accompanying work materials, tactile image to bring art closer to blind and partially sighted people etc.).<\/p>\n<p><em>It is a great pleasure and happiness to participate in the celebration of the hundredth anniversary of Edo Murti\u0107&#8217;s birth with a large exhibition of his works. Edo Murti\u0107 changes the perception of who an artist is in society and pushes the boundaries of the meaning of a work of art in public space. I am especially pleased that through this project, in cooperation with the Tourist Board of the City of Zagreb, new ways of developing a long-term strategy of recognizing Zagreb as a tourist destination will be developed. Artist Edo Murti\u0107 is an ideal starting point for such an initiative. I personally love the energy, love, and luxurious talent of Edo Murti\u0107. &#8211; <\/em>on the occasion of the announcement of the exhibition, Tomislav Buntak, President of HDLU and Dean of the Academy of Fine Arts in Zagreb<\/p>\n<p><img loading=\"lazy\" class=\"aligncenter size-full wp-image-31254\" src=\"https:\/\/www.hdlu.hr\/wp-content\/uploads\/2021\/05\/1980_DOBAR-DAN-CRVENO_100X81CM_oil-on-canvas-scaled.jpg\" alt=\"\" width=\"2087\" height=\"2560\" \/><\/p>\n<p><strong>Edo Murti\u0107<\/strong>, with his painting opus and strong artistic personality, marked and formed the cultural life of Croatia and the region in the second half of the 20th century. He attended the Academy of Fine Arts in Zagreb and the school of Petar Dobrovi\u0107 in Belgrade. He held his first solo exhibition in Zagreb in 1935. Murti\u0107&#8217;s early figurative painting, thanks to a continuous evolution inspired by study trips to France, Italy, and the USA, and contacts with the world&#8217;s leading post-war artists, gradually transformed into a special variation of abstract painting with expressive gestures, lyrical charge, and strong colorism. With his unique and recognizable painting style, he created one of the most influential opuses of high modernism in Southeast Europe. His exhibitions in 1953 in Zagreb and Belgrade were among the first solo exhibitions in the socialist world to present elements of abstract art. Edo Murti\u0107 has realized more than three hundred solo and as many group exhibitions on all continents, including notable performances at the Venice Biennial. His works are present in most representative public and private collections around the world.<\/p>\n<p>In addition to a rich oeuvre, Murti\u0107&#8217;s work includes theatrical sets, murals, mosaics, enamels, sculptures, and ceramics. He is the winner of many major domestic and foreign awards and recognitions. He lived and worked in Zagreb and Vrsar.<\/p>\n<p>The <em>Murti\u0107 100<\/em> exhibition at the Home of HDLU (Me\u0161trovi\u0107 Pavilion) will be set up under the artistic direction of <strong>Branko Franceschi<\/strong>, director of the National Museum of Modern Art. A special feature of the exhibition is the diversity of the artist&#8217;s work presented through chronological and thematic units, designed for individual spaces, and the curator added: <em>Edo Murti\u0107, with his variation of gestural abstraction, was a leading figure of regional high modernism in Croatia and Yugoslavia.<\/em><\/p>\n<p>The Ba\u010dva Gallery will present works that are remembered in the collective memory as paradigmatic works of art of certain sections of high modernism, and the emphasis will be on the dynamic colorism as a fundamental determinant of Murti\u0107&#8217;s creative approach. In the PM Gallery, the curator sets Murti\u0107&#8217;s activist cycles &#8211; dedicated to anti-war themes, which directly indicate Murti\u0107&#8217;s importance as a prominent and influential cultural actor, an unwavering advocate of democratic and libertarian principles, while in the Prsten Gallery other artist cycles, performed in other art disciplines, will be presented &#8211; gouache, monumental compositions in ceramics, enamel and mosaic, as well as landscapes and city views, which marked all six decades of his work.<\/p>\n<p>The exhibition is accompanied by art workshops for 4 age groups: 5-8 years, 10-15 years, 15+ years, and 55+ years.<\/p>\n<p>Other cultural and artistic activities have been organized within the project that celebrates 100 years since the birth of Edo Murti\u0107, and you can see the announcements of the events on the website <a href=\"http:\/\/murtic100.hr\">murtic100.hr<\/a><\/p>\n<p><strong>Tickets for the exhibition will be available at the box office of the Me\u0161trovi\u0107 Pavilion and online through the ENTRIO system.<\/strong><\/p>\n<p><strong>The working hours of the exhibition are every day from 11 am to 9 pm.<\/strong><\/p>\n<p>&nbsp;<\/p>\n<p><img loading=\"lazy\" class=\"aligncenter size-full wp-image-4294\" src=\"https:\/\/www.hdlu.hr\/eng\/wp-content\/uploads\/2021\/05\/Logici-za-web.png\" alt=\"\" width=\"4220\" height=\"831\" srcset=\"https:\/\/www.hdlu.hr\/eng\/wp-content\/uploads\/2021\/05\/Logici-za-web.png 4220w, https:\/\/www.hdlu.hr\/eng\/wp-content\/uploads\/2021\/05\/Logici-za-web-200x39.png 200w, https:\/\/www.hdlu.hr\/eng\/wp-content\/uploads\/2021\/05\/Logici-za-web-900x177.png 900w, https:\/\/www.hdlu.hr\/eng\/wp-content\/uploads\/2021\/05\/Logici-za-web-768x151.png 768w, https:\/\/www.hdlu.hr\/eng\/wp-content\/uploads\/2021\/05\/Logici-za-web-1536x302.png 1536w, https:\/\/www.hdlu.hr\/eng\/wp-content\/uploads\/2021\/05\/Logici-za-web-2048x403.png 2048w\" sizes=\"(max-width: 4220px) 100vw, 4220px\" \/><\/p>\n<p>&nbsp;<\/p>\n","protected":false},"excerpt":{"rendered":"<p style=\"text-align: center;\">Exhibition MURTI\u0106 100 &#8211; an exhibition in honor of the 100th anniversary of the birth of Edo Murti\u0107<\/p>\n<p style=\"text-align: center;\"><em>The great Croatian and world renowned abstract painter<\/em><\/p>\n<p style=\"text-align: center;\">Home of HDLU, May, 25.- July, 18, 2021.<\/p>\n<p><img loading=\"lazy\" class=\"aligncenter size-full wp-image-31259\" src=\"https:\/\/www.hdlu.hr\/wp-content\/uploads\/2021\/05\/1978O.K.95X196CM.jpg\" alt=\"\" width=\"1500\" height=\"747\" \/><\/p>\n<p>Me\u0161trovi\u0107 pavilion, the Home of HDLU, will soon open its doors for another exhibition that will once again surprise, delight, and inspire visitors with its  <a href=\"https:\/\/www.hdlu.hr\/eng\/2021\/05\/exhibition-murtic-100-an-exhibition-in-honor-of-the-100th-anniversary-of-the-birth-of-edo-murtic\/\">[&#8230;]<\/a><\/p>\n","protected":false},"author":8,"featured_media":0,"comment_status":"closed","ping_status":"closed","sticky":false,"template":"","format":"standard","meta":[],"categories":[3,7,1,5,6],"tags":[922,924,14,42,923,921],"_links":{"self":[{"href":"https:\/\/www.hdlu.hr\/eng\/wp-json\/wp\/v2\/posts\/4290"}],"collection":[{"href":"https:\/\/www.hdlu.hr\/eng\/wp-json\/wp\/v2\/posts"}],"about":[{"href":"https:\/\/www.hdlu.hr\/eng\/wp-json\/wp\/v2\/types\/post"}],"author":[{"embeddable":true,"href":"https:\/\/www.hdlu.hr\/eng\/wp-json\/wp\/v2\/users\/8"}],"replies":[{"embeddable":true,"href":"https:\/\/www.hdlu.hr\/eng\/wp-json\/wp\/v2\/comments?post=4290"}],"version-history":[{"count":2,"href":"https:\/\/www.hdlu.hr\/eng\/wp-json\/wp\/v2\/posts\/4290\/revisions"}],"predecessor-version":[{"id":4296,"href":"https:\/\/www.hdlu.hr\/eng\/wp-json\/wp\/v2\/posts\/4290\/revisions\/4296"}],"wp:attachment":[{"href":"https:\/\/www.hdlu.hr\/eng\/wp-json\/wp\/v2\/media?parent=4290"}],"wp:term":[{"taxonomy":"category","embeddable":true,"href":"https:\/\/www.hdlu.hr\/eng\/wp-json\/wp\/v2\/categories?post=4290"},{"taxonomy":"post_tag","embeddable":true,"href":"https:\/\/www.hdlu.hr\/eng\/wp-json\/wp\/v2\/tags?post=4290"}],"curies":[{"name":"wp","href":"https:\/\/api.w.org\/{rel}","templated":true}]}}