{"id":4484,"date":"2023-04-06T07:54:34","date_gmt":"2023-04-06T07:54:34","guid":{"rendered":"https:\/\/www.hdlu.hr\/eng\/?p=4484"},"modified":"2023-04-06T07:54:34","modified_gmt":"2023-04-06T07:54:34","slug":"exhibition-15-dana-20-years","status":"publish","type":"post","link":"https:\/\/www.hdlu.hr\/eng\/2023\/04\/exhibition-15-dana-20-years\/","title":{"rendered":"EXHIBITION: 15 DANA\u2013 20 years"},"content":{"rendered":"<p><strong>15 DANA \u2013 20 years<\/strong><br \/>\n<strong>PM Gallery, Home of HDLU (Me\u0161trovi\u0107 Pavilion)<\/strong><br \/>\n<strong>April 13-May 5, 2023<\/strong><br \/>\n<strong>Curators: Vanja Babi\u0107 and Leila Topi\u0107<\/strong><\/p>\n<p><img loading=\"lazy\" class=\"aligncenter size-full wp-image-4485\" src=\"https:\/\/www.hdlu.hr\/eng\/wp-content\/uploads\/2023\/04\/B1-za-web-optimized-290kb.jpg\" alt=\"\" width=\"848\" height=\"1200\" srcset=\"https:\/\/www.hdlu.hr\/eng\/wp-content\/uploads\/2023\/04\/B1-za-web-optimized-290kb.jpg 848w, https:\/\/www.hdlu.hr\/eng\/wp-content\/uploads\/2023\/04\/B1-za-web-optimized-290kb-141x200.jpg 141w, https:\/\/www.hdlu.hr\/eng\/wp-content\/uploads\/2023\/04\/B1-za-web-optimized-290kb-636x900.jpg 636w, https:\/\/www.hdlu.hr\/eng\/wp-content\/uploads\/2023\/04\/B1-za-web-optimized-290kb-768x1087.jpg 768w\" sizes=\"(max-width: 848px) 100vw, 848px\" \/><\/p>\n<p>The opening of the exhibition 1<strong>5 DANA \u2013 20 years<\/strong> will be on <strong>Thursday, April 13, 2023 <\/strong>at <strong>7pm<\/strong>., in the PM gallery, Home of HDLU (Me\u0161trovi\u0107 Pavilion).<\/p>\n<p>&nbsp;<\/p>\n<p>With the exhibition <strong>15 DANA &#8211; 20 years,<\/strong> we mark twenty years since the editorial tandem Tomislav Brlek\/Bruno Kragi\u0107 took over the editing of the magazine <em>15 dana, published by the Public Open University Zagreb (POUZ),<\/em> a press of cult status that is at the same time one of the oldest continuously published domestic magazine (since 1957) for literature and culture in general. Undoubtedly, the duo&#8217;s valuable editorial innovation is the concept according to which each subsequent issue of the magazine &#8211; including both its front cover and back cover &#8211; will be illustrated with the works of one or more prominent contemporary domestic artists, with the mandatory publication of an introductory text about his\/her work and an appropriate interview. Such an innovatively designed approach provided additional visual compactness or roundness to each issue of 15 dana, without encroaching on the exceptionality and recognition achieved during the previous decades.<\/p>\n<p>Artists: Barbara Blasin, Jasenka Bulj, Duje Juri\u0107, \u017deljko Kipke, Luka Ku\u0161evi\u0107, Zoltan Novak, Ivan Picelj, Ivan Posavec, Nika Radi\u0107, Dubravka Rakoci, Milisav Mio Vesovi\u0107, Zlatan Vrkljan, Danijel \u017de\u017eelj<\/p>\n<p>&nbsp;<\/p>\n<p>Opening hours of the exhibition:<\/p>\n<p>Tuesday \u2013 Sunday 11 am to 7 pm<br \/>\nclosed on Mondays and holidays.<\/p>\n<p>The exhibition remains open until May 5, 2023.<\/p>\n<p><img loading=\"lazy\" class=\"wp-image-4486 alignnone\" src=\"https:\/\/www.hdlu.hr\/eng\/wp-content\/uploads\/2023\/04\/Logici.jpg\" alt=\"\" width=\"404\" height=\"83\" srcset=\"https:\/\/www.hdlu.hr\/eng\/wp-content\/uploads\/2023\/04\/Logici.jpg 804w, https:\/\/www.hdlu.hr\/eng\/wp-content\/uploads\/2023\/04\/Logici-200x41.jpg 200w, https:\/\/www.hdlu.hr\/eng\/wp-content\/uploads\/2023\/04\/Logici-768x158.jpg 768w\" sizes=\"(max-width: 404px) 100vw, 404px\" \/><\/p>\n","protected":false},"excerpt":{"rendered":"<p>15 DANA \u2013 20 years<br \/> PM Gallery, Home of HDLU (Me\u0161trovi\u0107 Pavilion)<br \/> April 13-May 5, 2023<br \/> Curators: Vanja Babi\u0107 and Leila Topi\u0107<\/p>\n<p><img loading=\"lazy\" class=\"aligncenter size-full wp-image-4485\" src=\"https:\/\/www.hdlu.hr\/eng\/wp-content\/uploads\/2023\/04\/B1-za-web-optimized-290kb.jpg\" alt=\"\" width=\"848\" height=\"1200\" srcset=\"https:\/\/www.hdlu.hr\/eng\/wp-content\/uploads\/2023\/04\/B1-za-web-optimized-290kb.jpg 848w, https:\/\/www.hdlu.hr\/eng\/wp-content\/uploads\/2023\/04\/B1-za-web-optimized-290kb-141x200.jpg 141w, https:\/\/www.hdlu.hr\/eng\/wp-content\/uploads\/2023\/04\/B1-za-web-optimized-290kb-636x900.jpg 636w, https:\/\/www.hdlu.hr\/eng\/wp-content\/uploads\/2023\/04\/B1-za-web-optimized-290kb-768x1087.jpg 768w\" sizes=\"(max-width: 848px) 100vw, 848px\" \/><\/p>\n<p>The opening of the exhibition 15 DANA \u2013 20 years will be on Thursday, April 13, 2023 at 7pm., in the PM gallery, Home of HDLU (Me\u0161trovi\u0107 Pavilion).<\/p>\n<p>  <a href=\"https:\/\/www.hdlu.hr\/eng\/2023\/04\/exhibition-15-dana-20-years\/\">[&#8230;]<\/a><\/p>\n","protected":false},"author":8,"featured_media":0,"comment_status":"closed","ping_status":"closed","sticky":false,"template":"","format":"standard","meta":[],"categories":[7,1,5],"tags":[976,14,42,367,977],"_links":{"self":[{"href":"https:\/\/www.hdlu.hr\/eng\/wp-json\/wp\/v2\/posts\/4484"}],"collection":[{"href":"https:\/\/www.hdlu.hr\/eng\/wp-json\/wp\/v2\/posts"}],"about":[{"href":"https:\/\/www.hdlu.hr\/eng\/wp-json\/wp\/v2\/types\/post"}],"author":[{"embeddable":true,"href":"https:\/\/www.hdlu.hr\/eng\/wp-json\/wp\/v2\/users\/8"}],"replies":[{"embeddable":true,"href":"https:\/\/www.hdlu.hr\/eng\/wp-json\/wp\/v2\/comments?post=4484"}],"version-history":[{"count":1,"href":"https:\/\/www.hdlu.hr\/eng\/wp-json\/wp\/v2\/posts\/4484\/revisions"}],"predecessor-version":[{"id":4487,"href":"https:\/\/www.hdlu.hr\/eng\/wp-json\/wp\/v2\/posts\/4484\/revisions\/4487"}],"wp:attachment":[{"href":"https:\/\/www.hdlu.hr\/eng\/wp-json\/wp\/v2\/media?parent=4484"}],"wp:term":[{"taxonomy":"category","embeddable":true,"href":"https:\/\/www.hdlu.hr\/eng\/wp-json\/wp\/v2\/categories?post=4484"},{"taxonomy":"post_tag","embeddable":true,"href":"https:\/\/www.hdlu.hr\/eng\/wp-json\/wp\/v2\/tags?post=4484"}],"curies":[{"name":"wp","href":"https:\/\/api.w.org\/{rel}","templated":true}]}}