{"id":4983,"date":"2024-06-25T09:16:15","date_gmt":"2024-06-25T09:16:15","guid":{"rendered":"https:\/\/www.hdlu.hr\/eng\/?p=4983"},"modified":"2024-06-25T09:16:50","modified_gmt":"2024-06-25T09:16:50","slug":"melinda-sefcic-fragmentation-in-karas-gallery","status":"publish","type":"post","link":"https:\/\/www.hdlu.hr\/eng\/2024\/06\/melinda-sefcic-fragmentation-in-karas-gallery\/","title":{"rendered":"Melinda \u0160ef\u010di\u0107 &#8211; Fragmentation in Karas Gallery"},"content":{"rendered":"<p><strong>MELINDA \u0160EF\u010cI\u0106<\/strong><br \/>\n<strong>FRAGMENTATION<\/strong><br \/>\n<strong>2.7.-23.7.2024.<\/strong><br \/>\n<strong>KARAS GALLERY<\/strong><\/p>\n<p>On <strong>Tuesday, 2.7.2024.<\/strong> <strong>Melinda \u0160ef\u010di\u0107<\/strong> opens her solo exhibition entitled <strong>Fragmentation<\/strong>, at <strong>7 pm in Karas Gallery<\/strong> (Ulica kralja Zvonimira 58).<\/p>\n<p><img loading=\"lazy\" class=\"aligncenter size-full wp-image-4984\" src=\"https:\/\/www.hdlu.hr\/eng\/wp-content\/uploads\/2024\/06\/FB-event-photo-1920x1005-px.jpg\" alt=\"\" width=\"1920\" height=\"1005\" srcset=\"https:\/\/www.hdlu.hr\/eng\/wp-content\/uploads\/2024\/06\/FB-event-photo-1920x1005-px.jpg 1920w, https:\/\/www.hdlu.hr\/eng\/wp-content\/uploads\/2024\/06\/FB-event-photo-1920x1005-px-200x105.jpg 200w, https:\/\/www.hdlu.hr\/eng\/wp-content\/uploads\/2024\/06\/FB-event-photo-1920x1005-px-900x471.jpg 900w, https:\/\/www.hdlu.hr\/eng\/wp-content\/uploads\/2024\/06\/FB-event-photo-1920x1005-px-768x402.jpg 768w, https:\/\/www.hdlu.hr\/eng\/wp-content\/uploads\/2024\/06\/FB-event-photo-1920x1005-px-1536x804.jpg 1536w\" sizes=\"(max-width: 1920px) 100vw, 1920px\" \/><\/p>\n<p>In their foreword, <strong>Tena Razumovi\u0107 \u017dmara<\/strong> emphasize:<\/p>\n<p>In her new work, Melinda \u0160ef\u010di\u0107 addresses the issue of identity \u2014 me in my own body, and the assimilation of the individual within a new living environment \u2014 my body in the world. The universal perception of a woman who is no longer young but not yet old, who often finds herself in a kind of limbo. The light-heartedness and fun of youth are gone, and wisdom is only beginning to emerge. What to do then? Which direction to turn to, where to go, which principles to follow?<\/p>\n<p><a href=\"https:\/\/www.hdlu.hr\/eng\/wp-content\/uploads\/2024\/06\/Preface-1.pdf\">PREFACE<\/a><\/p>\n<p><strong>Biography<\/strong><br \/>\nDoc. Melinda \u0160ef\u010di\u0107, DFA, was born in 1986. In 2006, she enrolled at the Academy of Fine Arts in Zagreb, majoring in painting, and in 2012, she graduated with a master&#8217;s degree in painting in the class of Prof. Zoltan Novak. In May 2018, she earned her doctorate in painting at the Academy of Fine Arts in Zagreb in the artistic-scientific field on the topic &#8220;The Rehumanization and Re-Aestheticization of Hospital Space &#8211; An Example of the Artistic Solution for a Hospital Ward&#8221;, under the mentorship of Prof. Svjetlan Junakovi\u0107 and Prof. Vera Turkovi\u0107.<br \/>\nShe has exhibited in numerous solo and group exhibitions, both in Croatia and around the world, including Italy, Portugal, Greece, Serbia, Macedonia, India, Poland, Germany, France, and the USA. She has participated in numerous art festivals and residency programs, during which she has carried out many artistic interventions in public spaces. She is the author of over 20 art projects focusing on the aestheticization of hospital and prison spaces, and around 40 murals. She has also authored numerous research papers on the aestheticization of prison and hospital spaces in Croatia.<br \/>\nShe has been a member of the Croatian Association of Fine Artists (HDLU) since 2011 and the Croatian Freelance Artists\u2019 Association (HZSU) since 2014.<\/p>\n<p>The exhibition will be open during the period from <strong>2. to 23.7.2024.<\/strong><br \/>\nWorking hours of Gallery Karas<br \/>\nWednesday, Thursday, Friday 4pm \u2013 8pm<br \/>\nTuesday, Saturday 10am \u2013 1pm<br \/>\nOn Sundays and Mondays closed.<\/p>\n<p>___<\/p>\n<p><a href=\"http:\/\/karasarthub.eu\">http:\/\/karasarthub.eu<\/a><br \/>\nOrganizer: HDLU<br \/>\nWith the support of: Ministry of Culture and Media of the Republic of Croatia, City of Zagreb<\/p>\n","protected":false},"excerpt":{"rendered":"<p>MELINDA \u0160EF\u010cI\u0106<br \/> FRAGMENTATION<br \/> 2.7.-23.7.2024.<br \/> KARAS GALLERY<\/p>\n<p>On Tuesday, 2.7.2024. Melinda \u0160ef\u010di\u0107 opens her solo exhibition entitled Fragmentation, at 7 pm in Karas Gallery (Ulica kralja Zvonimira 58).<\/p>\n<p><img loading=\"lazy\" class=\"aligncenter size-full wp-image-4984\" src=\"https:\/\/www.hdlu.hr\/eng\/wp-content\/uploads\/2024\/06\/FB-event-photo-1920x1005-px.jpg\" alt=\"\" width=\"1920\" height=\"1005\" srcset=\"https:\/\/www.hdlu.hr\/eng\/wp-content\/uploads\/2024\/06\/FB-event-photo-1920x1005-px.jpg 1920w, https:\/\/www.hdlu.hr\/eng\/wp-content\/uploads\/2024\/06\/FB-event-photo-1920x1005-px-200x105.jpg 200w, https:\/\/www.hdlu.hr\/eng\/wp-content\/uploads\/2024\/06\/FB-event-photo-1920x1005-px-900x471.jpg 900w, https:\/\/www.hdlu.hr\/eng\/wp-content\/uploads\/2024\/06\/FB-event-photo-1920x1005-px-768x402.jpg 768w, https:\/\/www.hdlu.hr\/eng\/wp-content\/uploads\/2024\/06\/FB-event-photo-1920x1005-px-1536x804.jpg 1536w\" sizes=\"(max-width: 1920px) 100vw, 1920px\" \/><\/p>\n<p>In their foreword, Tena Razumovi\u0107 \u017dmara emphasize:<\/p>\n<p>In her new work, Melinda \u0160ef\u010di\u0107 addresses the issue of identity \u2014 me in  <a href=\"https:\/\/www.hdlu.hr\/eng\/2024\/06\/melinda-sefcic-fragmentation-in-karas-gallery\/\">[&#8230;]<\/a><\/p>\n","protected":false},"author":8,"featured_media":0,"comment_status":"closed","ping_status":"closed","sticky":false,"template":"","format":"standard","meta":[],"categories":[7,1,4],"tags":[],"_links":{"self":[{"href":"https:\/\/www.hdlu.hr\/eng\/wp-json\/wp\/v2\/posts\/4983"}],"collection":[{"href":"https:\/\/www.hdlu.hr\/eng\/wp-json\/wp\/v2\/posts"}],"about":[{"href":"https:\/\/www.hdlu.hr\/eng\/wp-json\/wp\/v2\/types\/post"}],"author":[{"embeddable":true,"href":"https:\/\/www.hdlu.hr\/eng\/wp-json\/wp\/v2\/users\/8"}],"replies":[{"embeddable":true,"href":"https:\/\/www.hdlu.hr\/eng\/wp-json\/wp\/v2\/comments?post=4983"}],"version-history":[{"count":2,"href":"https:\/\/www.hdlu.hr\/eng\/wp-json\/wp\/v2\/posts\/4983\/revisions"}],"predecessor-version":[{"id":4987,"href":"https:\/\/www.hdlu.hr\/eng\/wp-json\/wp\/v2\/posts\/4983\/revisions\/4987"}],"wp:attachment":[{"href":"https:\/\/www.hdlu.hr\/eng\/wp-json\/wp\/v2\/media?parent=4983"}],"wp:term":[{"taxonomy":"category","embeddable":true,"href":"https:\/\/www.hdlu.hr\/eng\/wp-json\/wp\/v2\/categories?post=4983"},{"taxonomy":"post_tag","embeddable":true,"href":"https:\/\/www.hdlu.hr\/eng\/wp-json\/wp\/v2\/tags?post=4983"}],"curies":[{"name":"wp","href":"https:\/\/api.w.org\/{rel}","templated":true}]}}