{"id":5599,"date":"2026-01-05T10:09:37","date_gmt":"2026-01-05T10:09:37","guid":{"rendered":"https:\/\/www.hdlu.hr\/eng\/?p=5599"},"modified":"2026-01-05T10:09:37","modified_gmt":"2026-01-05T10:09:37","slug":"luka-kusevic-telluric-currents-in-karas-gallery","status":"publish","type":"post","link":"https:\/\/www.hdlu.hr\/eng\/2026\/01\/luka-kusevic-telluric-currents-in-karas-gallery\/","title":{"rendered":"Luka Ku\u0161evi\u0107 &#8211; TELLURIC CURRENTS in Karas Gallery"},"content":{"rendered":"<p><strong>LUKA KU\u0160EVI\u0106<\/strong><br \/>\n<strong>TELLURIC CURRENTS<\/strong><br \/>\n<strong>12.1.-27.1.2026.<\/strong><br \/>\n<strong>KARAS GALLERY<\/strong><\/p>\n<p>On<strong> Monday, 12th of January Luka Ku\u0161evi\u0107<\/strong> opens his solo exhibition entitled<strong> Telluric currents<\/strong> at<strong> 7 pm in Karas Gallery<\/strong> (Ulica kralja Zvonimira 58).<\/p>\n<p><img loading=\"lazy\" class=\"alignleft size-full wp-image-5600\" src=\"https:\/\/www.hdlu.hr\/eng\/wp-content\/uploads\/2026\/01\/FB-event-photo-1920x1005-px.jpg\" alt=\"\" width=\"1920\" height=\"1005\" srcset=\"https:\/\/www.hdlu.hr\/eng\/wp-content\/uploads\/2026\/01\/FB-event-photo-1920x1005-px.jpg 1920w, https:\/\/www.hdlu.hr\/eng\/wp-content\/uploads\/2026\/01\/FB-event-photo-1920x1005-px-200x105.jpg 200w, https:\/\/www.hdlu.hr\/eng\/wp-content\/uploads\/2026\/01\/FB-event-photo-1920x1005-px-900x471.jpg 900w, https:\/\/www.hdlu.hr\/eng\/wp-content\/uploads\/2026\/01\/FB-event-photo-1920x1005-px-768x402.jpg 768w, https:\/\/www.hdlu.hr\/eng\/wp-content\/uploads\/2026\/01\/FB-event-photo-1920x1005-px-1536x804.jpg 1536w\" sizes=\"(max-width: 1920px) 100vw, 1920px\" \/><\/p>\n<p>&nbsp;<\/p>\n<p>&nbsp;<\/p>\n<p>&nbsp;<\/p>\n<p>In his <strong>foreword<\/strong> Luka Ku\u0161evi\u0107 emphasizes:<br \/>\n\u201cIn my work, I trace the movements, gestures, and vibrations from which earthly scenes are composed. It is not the scene itself that interests me, but the processes that precede it: the motions, flows, and transformations unfolding beneath the visible surface. In this sense, landscape serves as a starting point rather than the goal of the painting. I try to avoid lapsing into landscape painting, as it often immobilises movement and thereby closes off space for the unpredictable and aleatory. Instead of a stable image, I am interested in space in the making, space that is built through the very act of painting, through the constant mobilisation of colour and form.\u201d<\/p>\n<p><a href=\"https:\/\/www.hdlu.hr\/eng\/wp-content\/uploads\/2026\/01\/PREFACE.pdf\">PREFACE<\/a><\/p>\n<p><strong>Biography<\/strong>:<br \/>\nLuka Ku\u0161evi\u0107 was born in Zagreb in 1993, where he completed his secondary education at the School of Applied Arts and Design. In 2017, he graduated in Painting from the Academy of Fine Arts in Zagreb, in the class of Professor Zoltan Novak. He has been exhibiting solo since 2018, with notable solo exhibitions including those at Forum Gallery (2018), Matica Hrvatska Gallery (2022), SC Gallery (2022), PM\/Extended Media Gallery (2024), and Kranj\u010dar Gallery (2024). He has participated in numerous group exhibitions, including Erste Fragments 16 (2020), the 57th Zagreb Salon (2022), the 7th Biennial of Painting (2024), and the exhibition Y to Z: Construction Site of a New Generation at the National Museum of Modern Art (Octagon). At the 6th Biennial of Painting, he was co-awarded the Iva Vranekovi\u0107 \u2013 Vladimir Dodig Trokut Award. He lives and works in Zagreb.<\/p>\n<p>The exhibition will be open during the period from 12.1. to <strong>27.1.2026.<\/strong><\/p>\n<p>Working hours of Karas Gallery<br \/>\nWednesday, Thursday, Friday 4pm \u2013 8pm<br \/>\nTuesday, Saturday 10am \u2013 1pm<br \/>\nOn Sundays and Mondays closed.<br \/>\n___<br \/>\n<a href=\"http:\/\/karasarthub.eu\">http:\/\/karasarthub.eu<\/a><br \/>\nOrganizer: HDLU<br \/>\nWith the support of: Ministry of Culture and Media of the Republic of Croatia, City of Zagreb<\/p>\n","protected":false},"excerpt":{"rendered":"<p>LUKA KU\u0160EVI\u0106<br \/> TELLURIC CURRENTS<br \/> 12.1.-27.1.2026.<br \/> KARAS GALLERY<\/p>\n<p>On Monday, 12th of January Luka Ku\u0161evi\u0107 opens his solo exhibition entitled Telluric currents at 7 pm in Karas Gallery (Ulica kralja Zvonimira 58).<\/p>\n<p><img loading=\"lazy\" class=\"alignleft size-full wp-image-5600\" src=\"https:\/\/www.hdlu.hr\/eng\/wp-content\/uploads\/2026\/01\/FB-event-photo-1920x1005-px.jpg\" alt=\"\" width=\"1920\" height=\"1005\" srcset=\"https:\/\/www.hdlu.hr\/eng\/wp-content\/uploads\/2026\/01\/FB-event-photo-1920x1005-px.jpg 1920w, https:\/\/www.hdlu.hr\/eng\/wp-content\/uploads\/2026\/01\/FB-event-photo-1920x1005-px-200x105.jpg 200w, https:\/\/www.hdlu.hr\/eng\/wp-content\/uploads\/2026\/01\/FB-event-photo-1920x1005-px-900x471.jpg 900w, https:\/\/www.hdlu.hr\/eng\/wp-content\/uploads\/2026\/01\/FB-event-photo-1920x1005-px-768x402.jpg 768w, https:\/\/www.hdlu.hr\/eng\/wp-content\/uploads\/2026\/01\/FB-event-photo-1920x1005-px-1536x804.jpg 1536w\" sizes=\"(max-width: 1920px) 100vw, 1920px\" \/><\/p>\n<p>&nbsp;<\/p>\n<p>&nbsp;<\/p>\n<p>&nbsp;<\/p>\n<p>In his foreword Luka Ku\u0161evi\u0107 emphasizes:<br \/> \u201cIn my work, I trace the movements,  <a href=\"https:\/\/www.hdlu.hr\/eng\/2026\/01\/luka-kusevic-telluric-currents-in-karas-gallery\/\">[&#8230;]<\/a><\/p>\n","protected":false},"author":8,"featured_media":0,"comment_status":"closed","ping_status":"closed","sticky":false,"template":"","format":"standard","meta":[],"categories":[7,1,1102],"tags":[],"_links":{"self":[{"href":"https:\/\/www.hdlu.hr\/eng\/wp-json\/wp\/v2\/posts\/5599"}],"collection":[{"href":"https:\/\/www.hdlu.hr\/eng\/wp-json\/wp\/v2\/posts"}],"about":[{"href":"https:\/\/www.hdlu.hr\/eng\/wp-json\/wp\/v2\/types\/post"}],"author":[{"embeddable":true,"href":"https:\/\/www.hdlu.hr\/eng\/wp-json\/wp\/v2\/users\/8"}],"replies":[{"embeddable":true,"href":"https:\/\/www.hdlu.hr\/eng\/wp-json\/wp\/v2\/comments?post=5599"}],"version-history":[{"count":2,"href":"https:\/\/www.hdlu.hr\/eng\/wp-json\/wp\/v2\/posts\/5599\/revisions"}],"predecessor-version":[{"id":5603,"href":"https:\/\/www.hdlu.hr\/eng\/wp-json\/wp\/v2\/posts\/5599\/revisions\/5603"}],"wp:attachment":[{"href":"https:\/\/www.hdlu.hr\/eng\/wp-json\/wp\/v2\/media?parent=5599"}],"wp:term":[{"taxonomy":"category","embeddable":true,"href":"https:\/\/www.hdlu.hr\/eng\/wp-json\/wp\/v2\/categories?post=5599"},{"taxonomy":"post_tag","embeddable":true,"href":"https:\/\/www.hdlu.hr\/eng\/wp-json\/wp\/v2\/tags?post=5599"}],"curies":[{"name":"wp","href":"https:\/\/api.w.org\/{rel}","templated":true}]}}