{"id":5642,"date":"2026-03-03T10:41:14","date_gmt":"2026-03-03T10:41:14","guid":{"rendered":"https:\/\/www.hdlu.hr\/eng\/?p=5642"},"modified":"2026-04-13T10:20:10","modified_gmt":"2026-04-13T10:20:10","slug":"the-new-european-project-recreate-europe-has-officially-launched","status":"publish","type":"post","link":"https:\/\/www.hdlu.hr\/eng\/2026\/03\/the-new-european-project-recreate-europe-has-officially-launched\/","title":{"rendered":"THE NEW EUROPEAN PROJECT RE:CREATE EUROPE HAS OFFICIALLY LAUNCHED"},"content":{"rendered":"<p><img loading=\"lazy\" class=\"alignleft size-full wp-image-5643\" src=\"https:\/\/www.hdlu.hr\/eng\/wp-content\/uploads\/2026\/03\/644949284_901345529319374_3196137882673820259_n.jpg\" alt=\"\" width=\"1920\" height=\"1080\" srcset=\"https:\/\/www.hdlu.hr\/eng\/wp-content\/uploads\/2026\/03\/644949284_901345529319374_3196137882673820259_n.jpg 1920w, https:\/\/www.hdlu.hr\/eng\/wp-content\/uploads\/2026\/03\/644949284_901345529319374_3196137882673820259_n-200x113.jpg 200w, https:\/\/www.hdlu.hr\/eng\/wp-content\/uploads\/2026\/03\/644949284_901345529319374_3196137882673820259_n-900x506.jpg 900w, https:\/\/www.hdlu.hr\/eng\/wp-content\/uploads\/2026\/03\/644949284_901345529319374_3196137882673820259_n-768x432.jpg 768w, https:\/\/www.hdlu.hr\/eng\/wp-content\/uploads\/2026\/03\/644949284_901345529319374_3196137882673820259_n-1536x864.jpg 1536w\" sizes=\"(max-width: 1920px) 100vw, 1920px\" \/><\/p>\n<p>&nbsp;<\/p>\n<p>In March 2026, the implementation of the new European project <strong data-start=\"62\" data-end=\"82\">Re:Create Europe<\/strong> began.<\/p>\n<p>The project coordinator is Akademie der K\u00fcnste (Germany), and it is implemented in partnership with organizations from several European countries: Arts Council Malta (Malta), Vysok\u00e1 \u0161kola v\u00fdtvarn\u00fdch umen\u00ed v Bratislave (Slovakia), Asocia\u021bia Rom\u00e2n\u0103 de Art\u0103 Contemporan\u0103 (Romania), C\u00edrculo de Bellas Artes (Spain), Croatian Association of Fine Artists \u2013 HDLU (Croatia), National Academy of Arts of Ukraine (Ukraine), Natsionalna hudozhestvena akademia (Bulgaria), Sz\u00e9pirok T\u00e1rsas\u00e1ga Egyes\u00fclete (Hungary), and Stowarzyszenie Willa Decjusza (Poland).<\/p>\n<p>The project strengthens transnational solidarity, supports artistic practice in times of crisis, and fosters exchange between institutions, practitioners, and cultural actors focused on public policy. Through a combination of mobility programmes, hybrid educational formats, in-person residencies, digital mapping, and international conferences, Re:Create Europe aims to empower artists and cultural professionals from various disciplines and regions.<\/p>\n<p>The total value of the project amounts to <strong>EUR 1,456,291.40<\/strong>, while the value of the activities implemented by <strong>HDLU<\/strong> amounts to <strong>EUR 184,157.70<\/strong>, of which <strong>EUR 110,494.62<\/strong> is co-financed by the European Union.<\/p>\n<p>By participating in this international partnership, HDLU continues to actively contribute to the development of European cultural cooperation, artist mobility, and the strengthening of capacities within the cultural sector in Croatia and across Europe.<\/p>\n<p data-start=\"1549\" data-end=\"1607\"><strong>We invite you to join us for the Project Kick-off Meeting:<\/strong><\/p>\n<p data-start=\"1609\" data-end=\"1701\"><strong>DATE<\/strong>: Wednesday, 25 March 2026<br data-start=\"1639\" data-end=\"1642\" \/><strong>TIME<\/strong>: 2pm \u2013 4pm (CET)<br data-start=\"1667\" data-end=\"1670\" \/><strong>REGISTRATION<\/strong>: <a href=\"https:\/\/zoom.us\/webinar\/register\/WN__vA8Sqb0RC-74QsIeOve1g\">registration link<\/a><\/p>\n<p data-start=\"1703\" data-end=\"1844\">During the meeting, partner institutions will briefly present their perspectives and outline their visions for the upcoming four-year period.<\/p>\n<p data-start=\"1846\" data-end=\"1973\">We will also present the annual theme for 2026, \u201c<strong>Transformation of Cultural Policies<\/strong>\u201d, as well as the first project activities.<\/p>\n<p data-start=\"1975\" data-end=\"2135\">We warmly encourage you to join us and take part in shaping this new phase of collaboration. Please feel free to forward the invitation to interested audiences.<\/p>\n<p data-start=\"2137\" data-end=\"2187\">We look forward to your participation on 25 March.<\/p>\n<p>&nbsp;<\/p>\n<p><strong>Within the project:<\/strong><\/p>\n<p><img loading=\"lazy\" class=\"size-medium wp-image-5650 alignnone\" src=\"https:\/\/www.hdlu.hr\/eng\/wp-content\/uploads\/2026\/03\/ReCrea_logo-200x107.png\" alt=\"\" width=\"200\" height=\"107\" srcset=\"https:\/\/www.hdlu.hr\/eng\/wp-content\/uploads\/2026\/03\/ReCrea_logo-200x107.png 200w, https:\/\/www.hdlu.hr\/eng\/wp-content\/uploads\/2026\/03\/ReCrea_logo-900x483.png 900w, https:\/\/www.hdlu.hr\/eng\/wp-content\/uploads\/2026\/03\/ReCrea_logo-768x412.png 768w, https:\/\/www.hdlu.hr\/eng\/wp-content\/uploads\/2026\/03\/ReCrea_logo.png 1022w\" sizes=\"(max-width: 200px) 100vw, 200px\" \/><\/p>\n<p><strong>Partners:<\/strong><\/p>\n<p><img loading=\"lazy\" class=\"size-large wp-image-5651 alignnone\" src=\"https:\/\/www.hdlu.hr\/eng\/wp-content\/uploads\/2026\/03\/Logo-partnera-e1773998189693-900x179.jpg\" alt=\"\" width=\"900\" height=\"179\" srcset=\"https:\/\/www.hdlu.hr\/eng\/wp-content\/uploads\/2026\/03\/Logo-partnera-e1773998189693-900x179.jpg 900w, https:\/\/www.hdlu.hr\/eng\/wp-content\/uploads\/2026\/03\/Logo-partnera-e1773998189693-200x40.jpg 200w, https:\/\/www.hdlu.hr\/eng\/wp-content\/uploads\/2026\/03\/Logo-partnera-e1773998189693-768x153.jpg 768w, https:\/\/www.hdlu.hr\/eng\/wp-content\/uploads\/2026\/03\/Logo-partnera-e1773998189693-1536x306.jpg 1536w, https:\/\/www.hdlu.hr\/eng\/wp-content\/uploads\/2026\/03\/Logo-partnera-e1773998189693.jpg 1660w\" sizes=\"(max-width: 900px) 100vw, 900px\" \/><\/p>\n<p><strong>Co-funded by:<\/strong><\/p>\n<p><img loading=\"lazy\" class=\"CToWUd\" src=\"https:\/\/ci6.googleusercontent.com\/proxy\/bIHmTACj1rBDDdNIKaIw-_ciEoCGM0B-nyX3rx06Eu1pwl8cB6JOalEyLL14LAMToT1jhsoUbjQ5iZXuxdG936Tj4SgrFraR-VXn_LqfhDb4RMEigkr5FKH5TswICVricpN4pmG3vqoswedjj-3L6w0zfCKTtECDAw0=s0-d-e1-ft#https:\/\/gallery.mailchimp.com\/dc999d39409d6a659310f8f4d\/images\/e6bcee49-93a3-4097-ba15-818650dd64e8.png\" width=\"150\" height=\"31\" \/> <img loading=\"lazy\" class=\"CToWUd\" src=\"https:\/\/ci5.googleusercontent.com\/proxy\/c3X7g0ca3FnrPyqOJpgbZBPT6eV9rT_sFJugvEkH8bADjsn9uw-LsLj0t8v_44gJmUKph8lvMM_wSqtaYspqV6FhnVnuvGmaZbola88JAzFmoqDtWAWiDPULByHNUZg2SeED6FKdz_vPiP0KH6gjJSmwJzSkLg=s0-d-e1-ft#https:\/\/mcusercontent.com\/dc999d39409d6a659310f8f4d\/images\/d6579d1d-ce6e-d7e3-3b96-5138c057c0d0.jpg\" width=\"41\" height=\"44\" \/><\/p>\n<p data-start=\"2924\" data-end=\"3271\">Co-funded by the European Union \u2013 CREA-CULT-2025-COOP. The views and opinions expressed are solely those of the authors and do not necessarily reflect the official position of the European Union or the European Education and Culture Executive Agency (EACEA). Neither the European Union nor the European Commission can be held responsible for them.<\/p>\n<p data-start=\"3273\" data-end=\"3300\" data-is-last-node=\"\" data-is-only-node=\"\">[Project number: 101255481]<\/p>\n","protected":false},"excerpt":{"rendered":"<p><img loading=\"lazy\" class=\"alignleft size-full wp-image-5643\" src=\"https:\/\/www.hdlu.hr\/eng\/wp-content\/uploads\/2026\/03\/644949284_901345529319374_3196137882673820259_n.jpg\" alt=\"\" width=\"1920\" height=\"1080\" srcset=\"https:\/\/www.hdlu.hr\/eng\/wp-content\/uploads\/2026\/03\/644949284_901345529319374_3196137882673820259_n.jpg 1920w, https:\/\/www.hdlu.hr\/eng\/wp-content\/uploads\/2026\/03\/644949284_901345529319374_3196137882673820259_n-200x113.jpg 200w, https:\/\/www.hdlu.hr\/eng\/wp-content\/uploads\/2026\/03\/644949284_901345529319374_3196137882673820259_n-900x506.jpg 900w, https:\/\/www.hdlu.hr\/eng\/wp-content\/uploads\/2026\/03\/644949284_901345529319374_3196137882673820259_n-768x432.jpg 768w, https:\/\/www.hdlu.hr\/eng\/wp-content\/uploads\/2026\/03\/644949284_901345529319374_3196137882673820259_n-1536x864.jpg 1536w\" sizes=\"(max-width: 1920px) 100vw, 1920px\" \/><\/p>\n<p>&nbsp;<\/p>\n<p>In March 2026, the implementation of the new European project Re:Create Europe began.<\/p>\n<p>The project coordinator is Akademie der K\u00fcnste (Germany), and it is implemented in partnership with organizations from several European countries: Arts Council Malta (Malta), Vysok\u00e1 \u0161kola v\u00fdtvarn\u00fdch umen\u00ed v Bratislave (Slovakia), Asocia\u021bia Rom\u00e2n\u0103 de Art\u0103 Contemporan\u0103 (Romania),  <a href=\"https:\/\/www.hdlu.hr\/eng\/2026\/03\/the-new-european-project-recreate-europe-has-officially-launched\/\">[&#8230;]<\/a><\/p>\n","protected":false},"author":8,"featured_media":0,"comment_status":"closed","ping_status":"closed","sticky":false,"template":"","format":"standard","meta":[],"categories":[7],"tags":[1014,42,1137],"_links":{"self":[{"href":"https:\/\/www.hdlu.hr\/eng\/wp-json\/wp\/v2\/posts\/5642"}],"collection":[{"href":"https:\/\/www.hdlu.hr\/eng\/wp-json\/wp\/v2\/posts"}],"about":[{"href":"https:\/\/www.hdlu.hr\/eng\/wp-json\/wp\/v2\/types\/post"}],"author":[{"embeddable":true,"href":"https:\/\/www.hdlu.hr\/eng\/wp-json\/wp\/v2\/users\/8"}],"replies":[{"embeddable":true,"href":"https:\/\/www.hdlu.hr\/eng\/wp-json\/wp\/v2\/comments?post=5642"}],"version-history":[{"count":3,"href":"https:\/\/www.hdlu.hr\/eng\/wp-json\/wp\/v2\/posts\/5642\/revisions"}],"predecessor-version":[{"id":5681,"href":"https:\/\/www.hdlu.hr\/eng\/wp-json\/wp\/v2\/posts\/5642\/revisions\/5681"}],"wp:attachment":[{"href":"https:\/\/www.hdlu.hr\/eng\/wp-json\/wp\/v2\/media?parent=5642"}],"wp:term":[{"taxonomy":"category","embeddable":true,"href":"https:\/\/www.hdlu.hr\/eng\/wp-json\/wp\/v2\/categories?post=5642"},{"taxonomy":"post_tag","embeddable":true,"href":"https:\/\/www.hdlu.hr\/eng\/wp-json\/wp\/v2\/tags?post=5642"}],"curies":[{"name":"wp","href":"https:\/\/api.w.org\/{rel}","templated":true}]}}